{"id":269,"date":"2025-06-18T19:15:49","date_gmt":"2025-06-18T17:15:49","guid":{"rendered":"https:\/\/rosalistemr.de\/?p=269"},"modified":"2025-06-18T19:19:37","modified_gmt":"2025-06-18T17:19:37","slug":"antrag-zum-hissen-von-pride-flaggen-im-pride-month","status":"publish","type":"post","link":"https:\/\/rosalistemr.de\/en\/2025\/06\/18\/antrag-zum-hissen-von-pride-flaggen-im-pride-month\/","title":{"rendered":"Antrag zum Hissen von Pride-Flaggen im Pride-Month"},"content":{"rendered":"<p class=\"has-text-align-left wp-block-paragraph\">Antragsteller*innen: SDS.dielinke Marburg &amp; Rosa Liste<\/p>\n\n\n\n<p class=\"has-text-align-left wp-block-paragraph\">Das Student*innenparlament m\u00f6ge folgendes beschlie\u00dfen:<br>Die Philipps-Universit\u00e4t Marburg hisst im Rahmen des Pride-Months, welcher bekannterweise im Juni stattfindet, Pride-Fahnen, also solche, die diverse Sexualit\u00e4ten und Geschlechter repr\u00e4sentieren. Die Philipps Universit\u00e4t hisst verschiedene Flaggen (Progress-Flag, Rainbow Flag, Non-Binary-Flag, Asexual-Flag, Inter-Flag). Der AStA erwirkt dies beim Pr\u00e4sidium.<\/p>\n\n\n\n<p class=\"has-text-align-left wp-block-paragraph\"><br>Begr\u00fcndung:<br>Noch immer werden Menschen aufgrund ihrer Sexualit\u00e4t oder ihres Geschlechts von gro\u00dfen Teilen der Gesellschaft diskriminiert. Erst seit wenigen Jahrzehnten, finden sich f\u00fcr die LGBTQ*-Community M\u00f6glichkeiten, sich selbst zu repr\u00e4sentieren und f\u00fcr sich einzustehen. Um zu verdeutlichen, seit welch kurzer Zeit diese Errungenschaften bestehen, seien die Abschaffung des \u00a7 175 des deutschen Strafgesetzbuchs, welcher sexuelle Handlungen zwischen zwei m\u00e4nnlichen Personen unter Strafe stellte am 11. Juni 1994 und die sogenannte &#8222;Ehe f\u00fcr alle&#8220;, welche am 01.10.2017 in Kraft trat, genannt. Auch in Hinblick auf den jetzigen Konflikt zwischen Putin und der Ukraine, sehen wir, dass vor allem Menschen, welche ein Teil der LGBTQ*-Community sind, akuter Gefahr ausgesetzt sind und dementsprechend besonders dringend Hilfe ben\u00f6tigen. Um der LGBTQ*-Community auf der ganzen Welt unsere Solidarit\u00e4t zu zeigen, sollen deshalb im Pride Month, welcher in Erinnerung zum damaligen Stonewall Aufstands 1969 im Juni stattfindet, Flaggen gehisst werden.<\/p>","protected":false},"excerpt":{"rendered":"<p>Antragsteller*innen: SDS.dielinke Marburg &amp; Rosa Liste Das Student*innenparlament m\u00f6ge folgendes beschlie\u00dfen:Die Philipps-Universit\u00e4t Marburg hisst im Rahmen des Pride-Months, welcher bekannterweise im Juni stattfindet, Pride-Fahnen, also solche, die diverse Sexualit\u00e4ten und [&hellip;]<\/p>","protected":false},"author":4,"featured_media":0,"comment_status":"closed","ping_status":"closed","sticky":false,"template":"","format":"standard","meta":{"_crdt_document":"","_uag_custom_page_level_css":"","footnotes":""},"categories":[14],"tags":[],"class_list":["post-269","post","type-post","status-publish","format-standard","hentry","category-antraege-stupa"],"uagb_featured_image_src":{"full":false,"thumbnail":false,"medium":false,"medium_large":false,"large":false,"1536x1536":false,"2048x2048":false,"trp-custom-language-flag":false,"post-thumbnail":false,"twentytwenty-fullscreen":false},"uagb_author_info":{"display_name":"Viktoria Ehrke","author_link":"https:\/\/rosalistemr.de\/en\/author\/vi\/"},"uagb_comment_info":0,"uagb_excerpt":"Antragsteller*innen: SDS.dielinke Marburg &amp; Rosa Liste Das Student*innenparlament m\u00f6ge folgendes beschlie\u00dfen:Die Philipps-Universit\u00e4t Marburg hisst im Rahmen des Pride-Months, welcher bekannterweise im Juni stattfindet, Pride-Fahnen, also solche, die diverse Sexualit\u00e4ten und [&hellip;]","_links":{"self":[{"href":"https:\/\/rosalistemr.de\/en\/wp-json\/wp\/v2\/posts\/269","targetHints":{"allow":["GET"]}}],"collection":[{"href":"https:\/\/rosalistemr.de\/en\/wp-json\/wp\/v2\/posts"}],"about":[{"href":"https:\/\/rosalistemr.de\/en\/wp-json\/wp\/v2\/types\/post"}],"author":[{"embeddable":true,"href":"https:\/\/rosalistemr.de\/en\/wp-json\/wp\/v2\/users\/4"}],"replies":[{"embeddable":true,"href":"https:\/\/rosalistemr.de\/en\/wp-json\/wp\/v2\/comments?post=269"}],"version-history":[{"count":2,"href":"https:\/\/rosalistemr.de\/en\/wp-json\/wp\/v2\/posts\/269\/revisions"}],"predecessor-version":[{"id":271,"href":"https:\/\/rosalistemr.de\/en\/wp-json\/wp\/v2\/posts\/269\/revisions\/271"}],"wp:attachment":[{"href":"https:\/\/rosalistemr.de\/en\/wp-json\/wp\/v2\/media?parent=269"}],"wp:term":[{"taxonomy":"category","embeddable":true,"href":"https:\/\/rosalistemr.de\/en\/wp-json\/wp\/v2\/categories?post=269"},{"taxonomy":"post_tag","embeddable":true,"href":"https:\/\/rosalistemr.de\/en\/wp-json\/wp\/v2\/tags?post=269"}],"curies":[{"name":"wp","href":"https:\/\/api.w.org\/{rel}","templated":true}]}}